{"id":345,"date":"2016-03-31T21:59:04","date_gmt":"2016-03-31T21:59:04","guid":{"rendered":"https:\/\/travelblog.l00maca.net\/?p=345"},"modified":"2016-03-31T21:59:58","modified_gmt":"2016-03-31T21:59:58","slug":"did-you-forget-something","status":"publish","type":"post","link":"https:\/\/travelblog.l00maca.net\/?p=345","title":{"rendered":"Mi son dimenticato di qualcosa?"},"content":{"rendered":"<p>Ricapitolando; domani mattina si parte per il Giappone, e la mia valigia non \u00e8 ancora pronta.<\/p>\n<p>La situazione \u00e8 meno grave di quello che sembra, dai; La parte di vestiti e deodoranti e sciampi \u00e8 finita, sto ancora combattendo con la parte tecnologica. Al momento devo decidere cosa portare in cabina e cosa lasciare in valigia, nella speranza vana di non dimenticarmi niente.<\/p>\n<p>Come ogni volta che affronto un viaggio che supera le due ore, mi sto preparando con una serie implausibile di materiale da lettura, musica, anime, manga, videogiochi e passatempi in genere.<\/p>\n<p>In preda alla nostalgia, oggi col bardo abbiamo scaricato i manga della nostra giovinezza, giusto per immergerci subito nell&#8217;atmosfera.<\/p>\n<p>Di nuovo Giappone, dunque, e con un viaggio simile ma diverso dallo scorso.<\/p>\n<p>Quest&#8217;anno atterriamo a Nagoya, ma ci fermiamo il tempo di un pranzo prima di proseguire per Kyoto, dove passeremo i primi giorni del nostro viaggio. Da Kyoto lanceremo diverse spedizioni nell&#8217;entroterra, di cui avr\u00f2 modo di parlarvi a fondo pi\u00f9 avanti.<\/p>\n<p>Dopo aver lasciato Kyoto, toccheremo brevemnte le alpi Giapponesi della provincia di Nagano, per calpestare il sentiero del Nakasendo (spoiler alert: \u00e8 un sentiero di tre chilometri, e non so come il Bardo ci abbia convinti a dedicare due giorni a questa gloriosa attrazione).<\/p>\n<p>Dalle alpi, ci tufferemo nella graziosa Hakone, per un breve momento di relax in un Ryokan prima di venire inglobati da Tokyo.<\/p>\n<p>Quest&#8217;anno il gruppo \u00e8 diverso; Cumi lo vedremo solo in volata, dato che il suo lavoro di Host lo impegna gran parte della giornata, e Kya rimane a Milano, accordandomi una vacanza da maschi per far le cose da maschi (ruttare e scoreggiare, har har).<\/p>\n<p>Al loro posto introduciamo:<\/p>\n<div style=\"width: 256px\" class=\"wp-caption aligncenter\"><img loading=\"lazy\" decoding=\"async\" class=\"\" src=\"https:\/\/scontent-frt3-1.xx.fbcdn.net\/hphotos-frc3\/v\/t1.0-9\/556757_4157571022022_1562510419_n.jpg?oh=a4ee0c7da98d915ec516dc2e4d20d0cd&amp;oe=5781D55A\" alt=\"\" width=\"246\" height=\"246\" \/><p class=\"wp-caption-text\">&#8220;ohimena!&#8221;<\/p><\/div>\n<p><strong>Jack<\/strong>, mio amico di lunga data, testimone di nozze, ed espressione nel mondo vero del concetto di &#8220;Legale Neutrale&#8221;.<\/p>\n<p><em>Se fosse un personaggio di dnd:<\/em> il Chierico che deve chiedere favori agli dei per salvare il resto del gruppo.<\/p>\n<p>&nbsp;<\/p>\n<div style=\"width: 260px\" class=\"wp-caption aligncenter\"><img loading=\"lazy\" decoding=\"async\" class=\"\" src=\"https:\/\/scontent-frt3-1.xx.fbcdn.net\/hphotos-xpt1\/v\/t1.0-9\/996706_895377347247604_4349415046729967057_n.jpg?oh=750715eada11a7f0a980e697e1ce226f&amp;oe=578A7813\" alt=\"\" width=\"250\" height=\"250\" \/><p class=\"wp-caption-text\">Valerio ride.<\/p><\/div>\n<p><strong>Valerio<\/strong>, nuovo amico, nuovo collega, nuovo Milanese. Da Bergamo con furore, Vale \u00e8 mio fratello in armi nelle quotidiane trincee del DTP e dell&#8217;IT all&#8217;interno di Synthesis.<\/p>\n<p><em>Se fosse un personaggio di dnd:<\/em> Guardia Nanica, perch\u00e8 \u00e8 basso.<\/p>\n<p>Tornando alla valigia; devo copiare un paio di film (di vario valore di bruttezza, dall&#8217;indiano al d&#8217;autore), un paio di episodi di serie tv, un paio di fumetti, di manga, un libro o due, e un po&#8217; di musica sul telefono.<\/p>\n<p>Va beh, insomma; con un po&#8217; di fortuna, gli dei norreni della wifi mi permetteranno di postare un&#8217;update gi\u00e0 da Helsinki, domani (ricordate? il volo \u00e8 Milano &#8211; Helsinki &#8211; Nagoya), altrimenti ci si sente sabato alle ore 8.50 (ora locale di Nagoya).<\/p>\n<p>O gi\u00f9 di l\u00ec.<\/p>\n","protected":false},"excerpt":{"rendered":"<p>Ricapitolando; domani mattina si parte per il Giappone, e la mia valigia non \u00e8 ancora pronta. La situazione \u00e8 meno grave di quello che sembra, dai; La parte di vestiti e deodoranti e sciampi \u00e8 finita, sto ancora combattendo con&hellip; <\/p>\n","protected":false},"author":1,"featured_media":346,"comment_status":"open","ping_status":"open","sticky":false,"template":"","format":"standard","meta":{"footnotes":""},"categories":[10,8],"tags":[],"class_list":["post-345","post","type-post","status-publish","format-standard","has-post-thumbnail","hentry","category-10","category-giappone"],"_links":{"self":[{"href":"https:\/\/travelblog.l00maca.net\/index.php?rest_route=\/wp\/v2\/posts\/345","targetHints":{"allow":["GET"]}}],"collection":[{"href":"https:\/\/travelblog.l00maca.net\/index.php?rest_route=\/wp\/v2\/posts"}],"about":[{"href":"https:\/\/travelblog.l00maca.net\/index.php?rest_route=\/wp\/v2\/types\/post"}],"author":[{"embeddable":true,"href":"https:\/\/travelblog.l00maca.net\/index.php?rest_route=\/wp\/v2\/users\/1"}],"replies":[{"embeddable":true,"href":"https:\/\/travelblog.l00maca.net\/index.php?rest_route=%2Fwp%2Fv2%2Fcomments&post=345"}],"version-history":[{"count":2,"href":"https:\/\/travelblog.l00maca.net\/index.php?rest_route=\/wp\/v2\/posts\/345\/revisions"}],"predecessor-version":[{"id":348,"href":"https:\/\/travelblog.l00maca.net\/index.php?rest_route=\/wp\/v2\/posts\/345\/revisions\/348"}],"wp:featuredmedia":[{"embeddable":true,"href":"https:\/\/travelblog.l00maca.net\/index.php?rest_route=\/wp\/v2\/media\/346"}],"wp:attachment":[{"href":"https:\/\/travelblog.l00maca.net\/index.php?rest_route=%2Fwp%2Fv2%2Fmedia&parent=345"}],"wp:term":[{"taxonomy":"category","embeddable":true,"href":"https:\/\/travelblog.l00maca.net\/index.php?rest_route=%2Fwp%2Fv2%2Fcategories&post=345"},{"taxonomy":"post_tag","embeddable":true,"href":"https:\/\/travelblog.l00maca.net\/index.php?rest_route=%2Fwp%2Fv2%2Ftags&post=345"}],"curies":[{"name":"wp","href":"https:\/\/api.w.org\/{rel}","templated":true}]}}